{"id":1223,"date":"2017-03-13T15:06:23","date_gmt":"2017-03-13T14:06:23","guid":{"rendered":"http:\/\/www.tkd-news.de\/?p=1223"},"modified":"2017-03-13T15:38:51","modified_gmt":"2017-03-13T14:38:51","slug":"verbandstreitigkeiten-mit-tunrw-angehoerigen-fuehren-zu-neuem-tiefpunkt-schlaegerei-bei-den-dutch-open","status":"publish","type":"post","link":"http:\/\/www.tkd-news.de\/?p=1223","title":{"rendered":"Verbandstreitigkeiten mit TUNRW-Angeh\u00f6rigen f\u00fchren zu neuem Tiefpunkt \u2013 Schl\u00e4gerei bei den Dutch Open?"},"content":{"rendered":"<p><strong>Eindhoven &#8211; Ein respekt- und r\u00fccksichtsloses Vorgehen vereinzelter TUNRW-Anh\u00e4nger gegen einzelne Trainer und Funktion\u00e4re des Deutschen Taekwondo scheint uns immer drastischere und unkontrollierbare Z\u00fcge zu nehmen.<\/strong><!--more--><\/p>\n<p>Wenn es nicht so traurig w\u00e4re, dann w\u00e4re es fast schon lustig. Einerseits will der Verband TUNRW, um Antonio Barbarino, Karl Schwarz und Dimitrios Lautenschl\u00e4ger, als Mitglied in die DTU aufgenommen werden. Man w\u00e4re demnach auf das Wohlwollen und die Kooperationsbereitschaft von Bund und Landesverb\u00e4nde angewiesen. Diese m\u00fcssen ja bekanntlich dem Beitrittsantrag zustimmen. Andererseits l\u00e4sst man scheinbar kein aber auch wirklich kein Fettn\u00e4pfchen aus, um \u00fcber eine angebliche Anonymit\u00e4t auf Facebook den Bundesverband DTU und einzelne Landesverb\u00e4nde mit Behauptungen und Verleumdungen zu \u00fcberziehen und auf diese Weise komplett gegen sich aufzubringen. Ob man sich tats\u00e4chlich durch blo\u00dfe Kakophonie und Streit die Mehrheit f\u00fcr eine m\u00f6gliche Aufnahme sichert?? Das sei mal dahingestellt.<\/p>\n<p><strong>&#8222;Terroristenunterst\u00fctzer&#8220;-Vorwurf und Schl\u00e4gerei?<\/strong><\/p>\n<p>Einen neuen Tiefpunkt bisher nicht gekannten Ausma\u00dfes bildet wohl nun ein Eklat der sich aussagen Dritter zufolge auf den Dutch Open in Eindhoven abgespielt haben soll. \u00a0Demnach soll ein ehemaliger NWTU-Vereinsvertreter, inzwischen beim TUNRW im Hintergrund sehr &#8222;r\u00fchrig&#8220; und in Eindhoven als \u201eCoach\u201c offiziell \u00fcber einen anderen Gast-Landesverband am Turnier mitwirkend, zun\u00e4chst eine verbale Auseinandersetzung mit einem NWTU-Mitglied gehabt haben, welches die Veranstaltung privat als Zuschauer besucht hat. Im Verlaufe der verbalen Auseinandersetzung soll vom \u201eCoach\u201c an den \u201ePrivatmann\u201c wohl eine Beschimpfung des \u201eTerroristenunterst\u00fctzers\u201c ausgegangen sein, vermutlich in Andeutung auf dessen Migrationshintergrund. Im weiteren Verlauf soll es zu einer k\u00f6rperlichen Auseinandersetzung gekommen sein, so dass die Niederl\u00e4ndischen Sicherheitsbeh\u00f6rden einschreiten mussten und die Streith\u00e4hne mit auf die Wache nahmen. Wer nun die Auseinandersetzung letztendlich begonnen hat, ist nicht gekl\u00e4rt.<\/p>\n<p><strong>Fazit:<\/strong><\/p>\n<p>Dies sind wohlgemerkt noch unbest\u00e4tigte Meldungen, die einer weitergehenden Recherche bed\u00fcrfen. So weit so schlecht und keine weitere Meldung wert. Fakt ist jedoch eins und deshalb dieser &#8222;Beitrag vom h\u00f6rensagen&#8220; aus unserer Sicht wichtig: sollte tats\u00e4chlich eine solche Beschimpfung gefallen sein, so ist dies ein \u201eno go\u201c und durch nichts zu entschuldigen! Derartige politisch-rassistischen Ausf\u00e4lle geh\u00f6ren nicht in den Sport, meinen wir. Der zust\u00e4ndige Gast-Landesverband sollte in einem solchen Fall t\u00e4tig werden und diesen Trainer entsprechend hart bestrafen! Den bei allen unterschiedlichen Standpunkten sind wir eins, Sportkammeraden, die denselben Sport betreiben. Wir meinen, Politik und Rassismus haben im Sport nichts zu suchen.<\/p>\n","protected":false},"excerpt":{"rendered":"<p>Eindhoven &#8211; Ein respekt- und r\u00fccksichtsloses Vorgehen vereinzelter TUNRW-Anh\u00e4nger gegen einzelne Trainer und Funktion\u00e4re des Deutschen Taekwondo scheint uns immer drastischere und unkontrollierbare Z\u00fcge zu nehmen.<\/p>\n","protected":false},"author":1,"featured_media":0,"comment_status":"open","ping_status":"open","sticky":false,"template":"","format":"standard","meta":{"footnotes":""},"categories":[1],"tags":[],"class_list":["post-1223","post","type-post","status-publish","format-standard","hentry","category-allgemein"],"_links":{"self":[{"href":"http:\/\/www.tkd-news.de\/index.php?rest_route=\/wp\/v2\/posts\/1223","targetHints":{"allow":["GET"]}}],"collection":[{"href":"http:\/\/www.tkd-news.de\/index.php?rest_route=\/wp\/v2\/posts"}],"about":[{"href":"http:\/\/www.tkd-news.de\/index.php?rest_route=\/wp\/v2\/types\/post"}],"author":[{"embeddable":true,"href":"http:\/\/www.tkd-news.de\/index.php?rest_route=\/wp\/v2\/users\/1"}],"replies":[{"embeddable":true,"href":"http:\/\/www.tkd-news.de\/index.php?rest_route=%2Fwp%2Fv2%2Fcomments&post=1223"}],"version-history":[{"count":22,"href":"http:\/\/www.tkd-news.de\/index.php?rest_route=\/wp\/v2\/posts\/1223\/revisions"}],"predecessor-version":[{"id":1245,"href":"http:\/\/www.tkd-news.de\/index.php?rest_route=\/wp\/v2\/posts\/1223\/revisions\/1245"}],"wp:attachment":[{"href":"http:\/\/www.tkd-news.de\/index.php?rest_route=%2Fwp%2Fv2%2Fmedia&parent=1223"}],"wp:term":[{"taxonomy":"category","embeddable":true,"href":"http:\/\/www.tkd-news.de\/index.php?rest_route=%2Fwp%2Fv2%2Fcategories&post=1223"},{"taxonomy":"post_tag","embeddable":true,"href":"http:\/\/www.tkd-news.de\/index.php?rest_route=%2Fwp%2Fv2%2Ftags&post=1223"}],"curies":[{"name":"wp","href":"https:\/\/api.w.org\/{rel}","templated":true}]}}