{"id":1476,"date":"2019-01-24T00:05:06","date_gmt":"2019-01-23T23:05:06","guid":{"rendered":"http:\/\/www.tkd-news.de\/?p=1476"},"modified":"2019-01-24T00:19:36","modified_gmt":"2019-01-23T23:19:36","slug":"dtu-mitgliederversammlung-am-19-januar-in-nuernberg","status":"publish","type":"post","link":"http:\/\/www.tkd-news.de\/?p=1476","title":{"rendered":"DTU-Mitgliederversammlung am 19. Januar in N\u00fcrnberg"},"content":{"rendered":"\n<p><strong>Die feierliche Er\u00f6ffnung des ihres Bundesst\u00fctzpunktes in N\u00fcrnberg nutzte die DTU zu weiteren Ma\u00dfnahmen und hielt am 19. Januar 2019 ihre ordentliche Mitgliederversammlung ab.<\/strong><\/p>\n\n\n\n<div class=\"wp-block-image\"><figure class=\"aligncenter\"><img loading=\"lazy\" decoding=\"async\" width=\"238\" height=\"212\" src=\"http:\/\/www.tkd-news.de\/wp-content\/uploads\/2019\/01\/dtu.png\" alt=\"\" class=\"wp-image-1477\"\/><\/figure><\/div>\n\n\n\n<!--more-->\n\n\n\n<p>Neben den Berichten des Pr\u00e4sidiums und der Entlastung der DTU-Vorstandsmitglieder\ngalt es \u00fcber mehrere Antr\u00e4ge zu entscheiden.<\/p>\n\n\n\n<p>&nbsp;<strong>\u00c4nderung in der DTU Satzung und Ordnungen<\/strong><\/p>\n\n\n\n<p>Mehrheitlich angenommen wurde unter Anderem der Antrag auf \u00c4nderung der DTU-Satzung und der Aufnahmeordnung. Demnach m\u00fcssen in Zukunft neue Mitglieder vor Aufnahme nachweisen, dass unter ihren Vereinen mindestens 2500 Personen Taekwondo betreiben und dies durch eine namentliche Liste belegen. Des Weiteren m\u00fcssen auch die Mitglieder des um Aufnahme bittenden Landesverbandes darauf verpflichtet werden, die Satzungen und Ordnungen der DTU anzuerkennen.<\/p>\n\n\n\n<p>Neu ist auch, dass zuk\u00fcnftig Mitglieder ausgeschlossen\nwerden k\u00f6nnen, wenn eine oder mehrere Aufnahmevoraussetzungen einer\nMitgliedschaft wegfallen.<\/p>\n\n\n\n<p>Im Sportverkehr Technik soll das Amt eines\/r &nbsp;ehrenamtlichen Sportdirektor(s\/in) eingef\u00fchrt\nwerden.<\/p>\n\n\n\n<p>Der wohl wichtigste Beschluss im Pr\u00fcfungswesen ist, dass der erste Dan-Grad in Zukunft auch auf Vereinsebene und nicht wie bisher nur auf Landesebene gepr\u00fcft werden kann.<\/p>\n\n\n\n<p><strong>Strafanzeige gegen DTU-Vizepr\u00e4sidenten<\/strong><\/p>\n\n\n\n<p>Bereits im Vorfeld gro\u00dfe Augen bekamen die Vertreter der\nLandesverb\u00e4nde als sie dem Kassenbericht entnahmen, dass Vizepr\u00e4sident Finanzen\nGerd Kohlhofer die Kassenpr\u00fcfer informierte, das seitens des in Heidelberg\nans\u00e4ssigen Rechtsanwaltes Michael Lehner Strafanzeige gegen ihn gestellt wurde,\nwegen &nbsp;des Verdachts der Untreue. Gerd\nKohlhofer bat die Pr\u00fcfer um eingehende Pr\u00fcfung des betreffenden Zeitraums.<\/p>\n\n\n\n<p>Auf der Versammlung informierte der DTU-Vizepr\u00e4sident die Mitglieder \u00fcber die Umst\u00e4nde und auch dar\u00fcber, dass er den Ermittlungsbeh\u00f6rden knapp 1000 Seiten an Aktenmaterial in Kopie \u00fcbergeben hat. Kohlhofer k\u00fcndigte an Akteneinsicht zu beantragen und gegen die betreffenden Anzeigesteller rechtliche Schritte einzuleiten.  <\/p>\n\n\n\n<p>Seitens der Kassenpr\u00fcfer wurden keine Anzeichen von Untreue festgestellt, so dass Gerd Kohlhofer \u2013 wie alle anderen Pr\u00e4sidiumsmitglieder auch &#8211; mit einem mehrheitlich eindeutigen Votum entlastet wurde.<\/p>\n\n\n\n<p>Bereits in der Vergangenheit hatte Michael Lehner erfolglos mehrere Anzeigen gegen s\u00e4mtliche DTU-Pr\u00e4sidiumsmitglieder und alle gesch\u00e4ftsf\u00fchrenden Vorst\u00e4nde der NWTU gestellt, wegen mutma\u00dflicher Untreue. Die Stastsanwaltschaft stellte seinerzeit s\u00e4mtliche Verfahren als unbegr\u00fcndet ein.<\/p>\n\n\n\n<p><strong>Antrag an WTE auf Bestellung unabh\u00e4ngiger Wirtschaftspr\u00fcfer<\/strong><\/p>\n\n\n\n<p>Mit Finanzthemen war es aber nicht zu ende. Den es lag ein weiterer Antrag vor, wonach bei der WTE (ehemals ETU) eine Pr\u00fcfung der WTE-Finanzen der letzten drei Jahre durch unabh\u00e4ngige Wirtschaftspr\u00fcfer zu beauftragen ist, mit anschlie\u00dfender Berichterstattung an die angeschlossenen Nationalverb\u00e4nde.<\/p>\n\n\n\n<p>Anlass ist die Ver\u00f6ffentlichung der Bilanz 2017 durch die WTE (Financial Report 2017) und die \u00fcber Meisterschaften (Championships) ausgewiesenen Einnahmen.  Ein Vergleich mit den Startgeb\u00fchren der im operational Report  ver\u00f6ffentlichten Teilnehmerzahlen (5515 Personen) offenbart auf den  ersten Blick zumindest einen Differenzbetrag und damit eine L\u00fccke von knapp  400.000\u20ac zu ungunsten des Europ\u00e4ischen Kontinentalverbandes.   <\/p>\n\n\n\n<p>Dieses augenscheinliche Missverh\u00e4ltnis soll, so der Wille der DTU nun  \u00fcber die Einsetzung von unabh\u00e4ngigen Wirtschaftspr\u00fcfern gekl\u00e4rt werden.  Informationen zufolge l\u00e4sst der Weltverband WT bereits sein einigen  Jahren seine Bilanz durch eine unabh\u00e4ngige  Wirtschaftspr\u00fcfungsgesellschaft \u00fcberpr\u00fcfen. Der Antrag wurde mit gro\u00dfer Mehrheit angenommen.<\/p>\n\n\n\n<p><br><\/p>\n\n\n\n<p><br><\/p>\n","protected":false},"excerpt":{"rendered":"<p>Die feierliche Er\u00f6ffnung des ihres Bundesst\u00fctzpunktes in N\u00fcrnberg nutzte die DTU zu weiteren Ma\u00dfnahmen und hielt am 19. Januar 2019 ihre ordentliche Mitgliederversammlung ab.<\/p>\n","protected":false},"author":1,"featured_media":0,"comment_status":"open","ping_status":"open","sticky":false,"template":"","format":"standard","meta":{"footnotes":""},"categories":[1],"tags":[20,13,82,25,21,80,81],"class_list":["post-1476","post","type-post","status-publish","format-standard","hentry","category-allgemein","tag-dtu","tag-etu","tag-mitgliederversammlung","tag-nuernberg","tag-taekwondo","tag-wt","tag-wte"],"_links":{"self":[{"href":"http:\/\/www.tkd-news.de\/index.php?rest_route=\/wp\/v2\/posts\/1476","targetHints":{"allow":["GET"]}}],"collection":[{"href":"http:\/\/www.tkd-news.de\/index.php?rest_route=\/wp\/v2\/posts"}],"about":[{"href":"http:\/\/www.tkd-news.de\/index.php?rest_route=\/wp\/v2\/types\/post"}],"author":[{"embeddable":true,"href":"http:\/\/www.tkd-news.de\/index.php?rest_route=\/wp\/v2\/users\/1"}],"replies":[{"embeddable":true,"href":"http:\/\/www.tkd-news.de\/index.php?rest_route=%2Fwp%2Fv2%2Fcomments&post=1476"}],"version-history":[{"count":6,"href":"http:\/\/www.tkd-news.de\/index.php?rest_route=\/wp\/v2\/posts\/1476\/revisions"}],"predecessor-version":[{"id":1486,"href":"http:\/\/www.tkd-news.de\/index.php?rest_route=\/wp\/v2\/posts\/1476\/revisions\/1486"}],"wp:attachment":[{"href":"http:\/\/www.tkd-news.de\/index.php?rest_route=%2Fwp%2Fv2%2Fmedia&parent=1476"}],"wp:term":[{"taxonomy":"category","embeddable":true,"href":"http:\/\/www.tkd-news.de\/index.php?rest_route=%2Fwp%2Fv2%2Fcategories&post=1476"},{"taxonomy":"post_tag","embeddable":true,"href":"http:\/\/www.tkd-news.de\/index.php?rest_route=%2Fwp%2Fv2%2Ftags&post=1476"}],"curies":[{"name":"wp","href":"https:\/\/api.w.org\/{rel}","templated":true}]}}