{"id":1513,"date":"2019-04-01T13:24:59","date_gmt":"2019-04-01T11:24:59","guid":{"rendered":"http:\/\/www.tkd-news.de\/?p=1513"},"modified":"2019-04-01T13:26:37","modified_gmt":"2019-04-01T11:26:37","slug":"1513","status":"publish","type":"post","link":"http:\/\/www.tkd-news.de\/?p=1513","title":{"rendered":"NWTU-Pr\u00fcferweiterbildung in Dortmund"},"content":{"rendered":"<p><strong>Dortmund war in diesem Jahr Veranstaltungsort des NWTU-Pr\u00fcferweiterbildungslehrgangs. Er\u00f6ffnet wurde die Veranstaltung vom Landespr\u00fcfungsreferenten Richard Solarski, der auch in die Tagesordnung einstimmte.<\/strong><\/p>\n<figure id=\"attachment_1516\" aria-describedby=\"caption-attachment-1516\" style=\"width: 840px\" class=\"wp-caption aligncenter\"><img loading=\"lazy\" decoding=\"async\" class=\"wp-image-1516 size-large\" src=\"http:\/\/www.tkd-news.de\/wp-content\/uploads\/2019\/04\/IMG_20190331_115233-1024x339.jpg\" alt=\"\" width=\"840\" height=\"278\" srcset=\"http:\/\/www.tkd-news.de\/wp-content\/uploads\/2019\/04\/IMG_20190331_115233-1024x339.jpg 1024w, http:\/\/www.tkd-news.de\/wp-content\/uploads\/2019\/04\/IMG_20190331_115233-300x99.jpg 300w, http:\/\/www.tkd-news.de\/wp-content\/uploads\/2019\/04\/IMG_20190331_115233-768x254.jpg 768w, http:\/\/www.tkd-news.de\/wp-content\/uploads\/2019\/04\/IMG_20190331_115233-1200x397.jpg 1200w\" sizes=\"auto, (max-width: 709px) 85vw, (max-width: 909px) 67vw, (max-width: 1362px) 62vw, 840px\" \/><figcaption id=\"caption-attachment-1516\" class=\"wp-caption-text\">Ca. 80 Teilnehmerinnen und Teilnehmer fanden sich auf der Weiterbildungsveranstaltung der NWTU in Dortmund ein.<\/figcaption><\/figure>\n<p><strong><!--more--><\/strong><\/p>\n<p>Solarski begr\u00fc\u00dfte den anwesenden Fachreferenten f\u00fcr den Para-Sport der NWTU, Arndt Mallepree sowie die beiden Mitglieder im NWTU-Lehrteam, Bianca Adriana und Waltraud Mudrich, die an diesem Tag organisatorisch t\u00e4tig waren. Des weiteren bedankte sich der LPR beim ausrichtenden Verein TKD Team Kocer e.V. f\u00fcr die gute Organisation und die bereitgestellten Serviceleistungen (s.u.).<\/p>\n<p><strong>Para-Konzeption der NWTU<\/strong><br \/>\nArndt Mallepree stellte den aktuellen Stand der NWTU-Konzeption f\u00fcr den Para-Bereich vor. Der NWTU-Fachreferent skizzierte die Kriterien, die sich aus den Para-Wettbewerben ergeben haben und berichtete \u00fcber einen Antrag an die DTU zur Erweiterung der Pr\u00fcfungsordnung auf den Para-Bereich.<\/p>\n<figure id=\"attachment_1508\" aria-describedby=\"caption-attachment-1508\" style=\"width: 300px\" class=\"wp-caption aligncenter\"><img loading=\"lazy\" decoding=\"async\" class=\"size-medium wp-image-1508\" src=\"http:\/\/www.tkd-news.de\/wp-content\/uploads\/2019\/04\/IMG_20190331_114247-01-300x185.jpeg\" alt=\"\" width=\"300\" height=\"185\" srcset=\"http:\/\/www.tkd-news.de\/wp-content\/uploads\/2019\/04\/IMG_20190331_114247-01-300x185.jpeg 300w, http:\/\/www.tkd-news.de\/wp-content\/uploads\/2019\/04\/IMG_20190331_114247-01-768x473.jpeg 768w, http:\/\/www.tkd-news.de\/wp-content\/uploads\/2019\/04\/IMG_20190331_114247-01-1024x630.jpeg 1024w, http:\/\/www.tkd-news.de\/wp-content\/uploads\/2019\/04\/IMG_20190331_114247-01-1200x739.jpeg 1200w, http:\/\/www.tkd-news.de\/wp-content\/uploads\/2019\/04\/IMG_20190331_114247-01.jpeg 1537w\" sizes=\"auto, (max-width: 300px) 85vw, 300px\" \/><figcaption id=\"caption-attachment-1508\" class=\"wp-caption-text\">Fachreferent f\u00fcr den Para-Sport, Arndt Mallepree<\/figcaption><\/figure>\n<p><strong>Review 2018<\/strong><br \/>\nDer Landespr\u00fcfungsreferent berichtete, dass im Gro\u00dfen und Ganzen alles reibungslos verlaufen ist und bedankte sich bei den Pr\u00fcferinnen und Pr\u00fcfern f\u00fcr die gute Arbeit.<\/p>\n<p><strong>Lehrgangsplanung 2019<\/strong><br \/>\nAuch in 2019 sind jeweils sechs Danvorbereitungslehrg\u00e4nge sowie Danpr\u00fcfungen und des Weiteren ein Lehrgang zur Terminologie geplant.<\/p>\n<p><strong>\u00dcberschreibung von Kukkiwon-Dangraduierungen<\/strong><br \/>\nPr\u00fcfungseferent Richard Solarski berichtete \u00fcber Kritik an der DTU-Praxis, f\u00fcr die Anerkennung und Umschreibung der Kukkiwon-Dangrade eine Geb\u00fchr zu erheben. Solarski gab in seinem Statement zu bedenken, dass das Kukkiwon selbst seit vielen Jahren Geb\u00fchren f\u00fcr die Anerkennung bzw. Umschreibung von Dangraduierungen erhebt und die DTU sich lediglich dieser Praxis angepasst hat: Anerkennung von Dangraden kann somit keine Einbahnstra\u00dfe sein.<\/p>\n<p><strong>Vereins-Danpr\u00fcfungen<\/strong><br \/>\nSeit dem 19.Januar 2019 darf der 1. Dan auch auf Vereinsebene gepr\u00fcft werden, gem\u00e4\u00df Beschluss der DTU-Mitgliederversammlung. Der LPR der NWTU informierte \u00fcber die generellen Abl\u00e4ufe und wies auf die terminlichen Restriktionen der DTU-Datenbank hin (Limit und Deadline). Hierzu hat die DTU ein Ablaufdiagramm herausgegeben, welches die NWTU angepasst hat. Das Diagramm kann <a href=\"http:\/\/www.tkd-news.de\/wp-content\/uploads\/2019\/04\/Vereins-DAN-Pr\u00fcfung-NWTU-2019-ver\u00f6ff..pdf\" target=\"_blank\" rel=\"noopener noreferrer\">hier<\/a> heruntergeladen werden [<a href=\"http:\/\/www.tkd-news.de\/wp-content\/uploads\/2019\/04\/Vereins-DAN-Pr\u00fcfung-NWTU-2019-ver\u00f6ff..pdf\" target=\"_blank\" rel=\"noopener noreferrer\">klick<\/a>].<\/p>\n<p><img loading=\"lazy\" decoding=\"async\" class=\"aligncenter size-medium wp-image-1511\" src=\"http:\/\/www.tkd-news.de\/wp-content\/uploads\/2019\/04\/IMG_20190401_093401_927-300x196.jpg\" alt=\"\" width=\"300\" height=\"196\" srcset=\"http:\/\/www.tkd-news.de\/wp-content\/uploads\/2019\/04\/IMG_20190401_093401_927-300x196.jpg 300w, http:\/\/www.tkd-news.de\/wp-content\/uploads\/2019\/04\/IMG_20190401_093401_927-768x502.jpg 768w, http:\/\/www.tkd-news.de\/wp-content\/uploads\/2019\/04\/IMG_20190401_093401_927.jpg 879w\" sizes=\"auto, (max-width: 300px) 85vw, 300px\" \/><\/p>\n<p>Ein Danvorbereitunslehrgang ist weiterhin Pflicht. Die Anmeldung hierzu erfolgt \u00fcber die DTU-Datenbank. F\u00fcr eine Vereinsdanpr\u00fcfung gen\u00fcgt ein Pr\u00fcfer. Dieser muss sich allerdings weiterhin zwingend an die Pr\u00fcfungsordnung halten, da ansonsten die Verl\u00e4ngerung der Lizenz verwehrt werden kann.<\/p>\n<p><em><u>Folgende Schritte sind generell zu beachten:<\/u><\/em><\/p>\n<ul>\n<li>Eintragung der Pr\u00fcfung in die Datenbank mit Anmeldung per Email an LPR und BPR. Auf das Personenlimit ist zu achten, da dies nachtr\u00e4glich nicht mehr ge\u00e4ndert werden kann.<\/li>\n<li>Zusendung einer Liste mit den Pr\u00fcflingen an den LPR mit Angabe des Datums der Teilnahme am DVL. Erst danach erfolgt die Freischaltung der Pr\u00fcfung.<\/li>\n<li>Die Pr\u00fcfungsgeb\u00fchr wird beim Landesverband entrichtet. Sie ergibt sich aus der aktuellen Geb\u00fchrenordnung. Die Ausschreibung der Vereinsdanpr\u00fcfung muss an die Gesch\u00e4ftsstelle zur Ver\u00f6ffentlichung zugesandt werden.<\/li>\n<li>Meldeschluss ist jeweils 2 Wochen vor der geplanten Ma\u00dfnahme.<\/li>\n<li>Es k\u00f6nnen Vereinspr\u00fcfungen zusammengelegt werden d.h. es k\u00f6nnen mehrere Danpr\u00fcfungen mit gleicher Zeit, Ort und Pr\u00fcfer angemeldet werden.<\/li>\n<\/ul>\n<p>Das Pr\u00fcfergremium votierte in diesem Punkt mehrheitlich daf\u00fcr, dass auch bei Vereinsdanpr\u00fcfungen drei Pr\u00fcfer einzusetzen sind. Die NWTU soll einen entsprechenden Antrag bei der n\u00e4chsten MV der DTU stellen.<\/p>\n<p>Im Anschluss daran stand der LPR f\u00fcr Fragen zur Verf\u00fcgung.<\/p>\n<p><strong>Was es sonst noch gab<\/strong><br \/>\nErfreulich f\u00fcr alle Pr\u00fcfer waren die Serviceleistungen des ausrichtenden Vereins TKD Team Kocer Dortmund e.V. <img loading=\"lazy\" decoding=\"async\" class=\"aligncenter size-medium wp-image-1509\" src=\"http:\/\/www.tkd-news.de\/wp-content\/uploads\/2019\/04\/IMG_20190331_132955-01-300x247.jpeg\" alt=\"\" width=\"300\" height=\"247\" srcset=\"http:\/\/www.tkd-news.de\/wp-content\/uploads\/2019\/04\/IMG_20190331_132955-01-300x247.jpeg 300w, http:\/\/www.tkd-news.de\/wp-content\/uploads\/2019\/04\/IMG_20190331_132955-01-768x632.jpeg 768w, http:\/\/www.tkd-news.de\/wp-content\/uploads\/2019\/04\/IMG_20190331_132955-01-1024x843.jpeg 1024w, http:\/\/www.tkd-news.de\/wp-content\/uploads\/2019\/04\/IMG_20190331_132955-01-1200x988.jpeg 1200w, http:\/\/www.tkd-news.de\/wp-content\/uploads\/2019\/04\/IMG_20190331_132955-01.jpeg 1632w\" sizes=\"auto, (max-width: 300px) 85vw, 300px\" \/>Dieser legte kostenlos f\u00fcr alle Pr\u00fcfer Stifte und Poster mit TKD-Wertetafeln aus, die sehr guten Anklang bei den anwesenden Personen fanden. Gegen Mittag gab es f\u00fcr alle kostenlos Mittagessen sowie f\u00fcr den gesamten Lehrgang warme und kalte Getr\u00e4nke. Die Mittagspause wurde mit Live-Musik von einer Solo-Entertainerin begleitet. <strong>Fazit:<\/strong> Eine Veranstaltung, bei der sich aufgrund des Gegenwertes auch die Teilnahme(geb\u00fchr) gelohnt hat!<\/p>\n","protected":false},"excerpt":{"rendered":"<p>Dortmund war in diesem Jahr Veranstaltungsort des NWTU-Pr\u00fcferweiterbildungslehrgangs. Er\u00f6ffnet wurde die Veranstaltung vom Landespr\u00fcfungsreferenten Richard Solarski, der auch in die Tagesordnung einstimmte.<\/p>\n","protected":false},"author":1,"featured_media":0,"comment_status":"open","ping_status":"open","sticky":false,"template":"","format":"standard","meta":{"footnotes":""},"categories":[1],"tags":[86,87,27,6,8,7],"class_list":["post-1513","post","type-post","status-publish","format-standard","hentry","category-allgemein","tag-dortmund","tag-kocer","tag-kukkiwon","tag-nwtu","tag-pruefer","tag-pruefung"],"_links":{"self":[{"href":"http:\/\/www.tkd-news.de\/index.php?rest_route=\/wp\/v2\/posts\/1513","targetHints":{"allow":["GET"]}}],"collection":[{"href":"http:\/\/www.tkd-news.de\/index.php?rest_route=\/wp\/v2\/posts"}],"about":[{"href":"http:\/\/www.tkd-news.de\/index.php?rest_route=\/wp\/v2\/types\/post"}],"author":[{"embeddable":true,"href":"http:\/\/www.tkd-news.de\/index.php?rest_route=\/wp\/v2\/users\/1"}],"replies":[{"embeddable":true,"href":"http:\/\/www.tkd-news.de\/index.php?rest_route=%2Fwp%2Fv2%2Fcomments&post=1513"}],"version-history":[{"count":8,"href":"http:\/\/www.tkd-news.de\/index.php?rest_route=\/wp\/v2\/posts\/1513\/revisions"}],"predecessor-version":[{"id":1522,"href":"http:\/\/www.tkd-news.de\/index.php?rest_route=\/wp\/v2\/posts\/1513\/revisions\/1522"}],"wp:attachment":[{"href":"http:\/\/www.tkd-news.de\/index.php?rest_route=%2Fwp%2Fv2%2Fmedia&parent=1513"}],"wp:term":[{"taxonomy":"category","embeddable":true,"href":"http:\/\/www.tkd-news.de\/index.php?rest_route=%2Fwp%2Fv2%2Fcategories&post=1513"},{"taxonomy":"post_tag","embeddable":true,"href":"http:\/\/www.tkd-news.de\/index.php?rest_route=%2Fwp%2Fv2%2Ftags&post=1513"}],"curies":[{"name":"wp","href":"https:\/\/api.w.org\/{rel}","templated":true}]}}